{"events":[{"id":2551,"global_id":"www.etagnac.fr?id=2551","global_id_lineage":["www.etagnac.fr?id=2551"],"author":"1","status":"publish","date":"2026-04-20 15:54:16","date_utc":"2026-04-20 13:54:16","modified":"2026-04-20 15:54:16","modified_utc":"2026-04-20 13:54:16","url":"https:\/\/www.etagnac.fr\/?tribe_events=interclub-sur-le-theme-modelisme-etagnac-4-et-5-juillet","rest_url":"https:\/\/www.etagnac.fr\/index.php?rest_route=\/tribe\/events\/v1\/events\/2551","title":"INTERCLUB SUR LE THEME MODELISME ETAGNAC 4 ET 5 JUILLET","description":"<div class=\"x14z9mp xat24cr x1lziwak x1vvkbs xtlvy1s\">Interclub sur le th\u00e8me militaire<br \/>\nle week-end du 4-5 juillet 2026 sur \u00e0 Etagnac (16), piste en herbe de 300x20m.<br class=\"html-br\" \/>Pour le samedi soir, un hangar et un tivoli seront \u00e0 disposition pour le stockage des mod\u00e8les.<br class=\"html-br\" \/>Pour tous renseignements vous pouvez contacter l&rsquo;association Les Ailes d&rsquo;Etagnac via le lien<br \/>\nhttps:\/\/www.facebook.com\/profile.php?id=100064307994871<br class=\"html-br\" \/>Les repas du samedi et dimanche seront tir\u00e9s du sac, un ap\u00e9ritif vous sera offert, les barbecues seront \u00e0 disposition.<\/div>","excerpt":"","slug":"interclub-sur-le-theme-modelisme-etagnac-4-et-5-juillet","image":{"url":"https:\/\/www.etagnac.fr\/wp-content\/uploads\/2026\/04\/629240971_1316056180547969_3567067333787847213_n.jpg","id":2552,"extension":"jpg","width":1366,"height":2048,"filesize":804872,"sizes":{"medium":{"width":200,"height":300,"mime-type":"image\/jpeg","filesize":18466,"url":"https:\/\/www.etagnac.fr\/wp-content\/uploads\/2026\/04\/629240971_1316056180547969_3567067333787847213_n-200x300.jpg"},"large":{"width":683,"height":1024,"mime-type":"image\/jpeg","filesize":158764,"url":"https:\/\/www.etagnac.fr\/wp-content\/uploads\/2026\/04\/629240971_1316056180547969_3567067333787847213_n-683x1024.jpg"},"thumbnail":{"width":150,"height":150,"mime-type":"image\/jpeg","filesize":8248,"url":"https:\/\/www.etagnac.fr\/wp-content\/uploads\/2026\/04\/629240971_1316056180547969_3567067333787847213_n-150x150.jpg"},"medium_large":{"width":768,"height":1151,"mime-type":"image\/jpeg","filesize":197905,"url":"https:\/\/www.etagnac.fr\/wp-content\/uploads\/2026\/04\/629240971_1316056180547969_3567067333787847213_n-768x1151.jpg"},"post-slider-thumb-size":{"width":330,"height":190,"mime-type":"image\/jpeg","filesize":17377,"url":"https:\/\/www.etagnac.fr\/wp-content\/uploads\/2026\/04\/629240971_1316056180547969_3567067333787847213_n-330x190.jpg"},"1536x1536":{"width":1025,"height":1536,"mime-type":"image\/jpeg","filesize":320447,"url":"https:\/\/www.etagnac.fr\/wp-content\/uploads\/2026\/04\/629240971_1316056180547969_3567067333787847213_n-1025x1536.jpg"}}},"all_day":true,"start_date":"2026-07-04 00:00:00","start_date_details":{"year":"2026","month":"07","day":"04","hour":"00","minutes":"00","seconds":"00"},"end_date":"2026-07-05 23:59:59","end_date_details":{"year":"2026","month":"07","day":"05","hour":"23","minutes":"59","seconds":"59"},"utc_start_date":"2026-07-03 22:00:00","utc_start_date_details":{"year":"2026","month":"07","day":"03","hour":"22","minutes":"00","seconds":"00"},"utc_end_date":"2026-07-05 21:59:59","utc_end_date_details":{"year":"2026","month":"07","day":"05","hour":"21","minutes":"59","seconds":"59"},"timezone":"Europe\/Paris","timezone_abbr":"CEST","cost":"","cost_details":{"currency_symbol":"\u20ac","currency_code":"USD","currency_position":"prefix","values":[]},"website":"","show_map":true,"show_map_link":true,"hide_from_listings":false,"sticky":true,"featured":true,"categories":[{"name":"Agenda des manifestations","slug":"agenda-des-manifestations","term_group":0,"term_taxonomy_id":6,"taxonomy":"tribe_events_cat","description":"","parent":0,"count":1,"filter":"raw","id":6,"urls":{"self":"https:\/\/www.etagnac.fr\/index.php?rest_route=\/tribe\/events\/v1\/categories\/6","collection":"https:\/\/www.etagnac.fr\/index.php?rest_route=\/tribe\/events\/v1\/categories"}}],"tags":[],"venue":{"id":1447,"author":"1","status":"publish","date":"2023-06-14 09:33:41","date_utc":"2023-06-14 07:33:41","modified":"2023-06-14 09:33:41","modified_utc":"2023-06-14 07:33:41","url":"https:\/\/www.etagnac.fr\/?tribe_venue=terrain-de-marchesson","venue":"Terrain de Marchesson","slug":"terrain-de-marchesson","show_map":true,"show_map_link":true,"global_id":"www.etagnac.fr?id=1447","global_id_lineage":["www.etagnac.fr?id=1447"]},"organizer":[{"id":1448,"author":"1","status":"publish","date":"2023-06-14 09:33:41","date_utc":"2023-06-14 07:33:41","modified":"2023-06-14 09:33:41","modified_utc":"2023-06-14 07:33:41","url":"https:\/\/www.etagnac.fr\/?tribe_organizer=les-ailes-detagnac","organizer":"Les ailes d&rsquo;Etagnac","slug":"les-ailes-detagnac","global_id":"www.etagnac.fr?id=1448","global_id_lineage":["www.etagnac.fr?id=1448"]}],"custom_fields":[]}],"rest_url":"https:\/\/www.etagnac.fr\/index.php?rest_route=%2Ftribe%2Fevents%2Fv1%2Fevents%2F&page=1&per_page=10&start_date=2026-04-29 00:00:00&end_date=2028-04-29 23:59:59&status=publish","total":1,"total_pages":1}